{"id":19263,"date":"2020-12-09T16:24:59","date_gmt":"2020-12-09T14:24:59","guid":{"rendered":"https:\/\/www.haldugroep.nl\/?p=19263"},"modified":"2022-05-06T09:42:52","modified_gmt":"2022-05-06T07:42:52","slug":"recrutare-la-haldu-groep-o-gura-de-aer-proaspat","status":"publish","type":"post","link":"https:\/\/www.haldugroep.nl\/ro\/recrutare-la-haldu-groep-o-gura-de-aer-proaspat\/","title":{"rendered":"Recrutare la Haldu Groep: o gur\u0103 de aer proasp\u0103t"},"content":{"rendered":"[vc_row type=&#8221;in_container&#8221; full_screen_row_position=&#8221;middle&#8221; column_margin=&#8221;default&#8221; column_direction=&#8221;default&#8221; column_direction_tablet=&#8221;default&#8221; column_direction_phone=&#8221;default&#8221; scene_position=&#8221;center&#8221; text_color=&#8221;dark&#8221; text_align=&#8221;left&#8221; row_border_radius=&#8221;none&#8221; row_border_radius_applies=&#8221;bg&#8221; overflow=&#8221;visible&#8221; overlay_strength=&#8221;0.3&#8243; gradient_direction=&#8221;left_to_right&#8221; shape_divider_position=&#8221;bottom&#8221; bg_image_animation=&#8221;none&#8221;][vc_column column_padding=&#8221;no-extra-padding&#8221; column_padding_tablet=&#8221;inherit&#8221; column_padding_phone=&#8221;inherit&#8221; column_padding_position=&#8221;all&#8221; column_element_spacing=&#8221;default&#8221; background_color_opacity=&#8221;1&#8243; background_hover_color_opacity=&#8221;1&#8243; column_shadow=&#8221;none&#8221; column_border_radius=&#8221;none&#8221; column_link_target=&#8221;_self&#8221; column_position=&#8221;default&#8221; gradient_direction=&#8221;left_to_right&#8221; overlay_strength=&#8221;0.3&#8243; width=&#8221;1\/1&#8243; tablet_width_inherit=&#8221;default&#8221; tablet_text_alignment=&#8221;default&#8221; phone_text_alignment=&#8221;default&#8221; animation_type=&#8221;default&#8221; bg_image_animation=&#8221;none&#8221; border_type=&#8221;simple&#8221; column_border_width=&#8221;none&#8221; column_border_style=&#8221;solid&#8221;][divider line_type=&#8221;No Line&#8221; custom_height=&#8221;35&#8243;][vc_custom_heading source=&#8221;post_title&#8221; font_container=&#8221;tag:h1|font_size:38|text_align:left|line_height:1.2&#8243; use_theme_fonts=&#8221;yes&#8221; css_animation=&#8221;none&#8221;][vc_column_text]<img loading=\"lazy\" decoding=\"async\" class=\"alignnone wp-image-19055 size-full\" src=\"https:\/\/www.haldugroep.nl\/wp-content\/uploads\/top-8-werken-via-uitzendbureau.jpg\" alt=\"\" width=\"947\" height=\"289\" srcset=\"https:\/\/www.haldugroep.nl\/wp-content\/uploads\/top-8-werken-via-uitzendbureau.jpg 947w, https:\/\/www.haldugroep.nl\/wp-content\/uploads\/top-8-werken-via-uitzendbureau-300x92.jpg 300w, https:\/\/www.haldugroep.nl\/wp-content\/uploads\/top-8-werken-via-uitzendbureau-768x234.jpg 768w\" sizes=\"auto, (max-width: 947px) 100vw, 947px\" \/>[\/vc_column_text][vc_column_text]09\/12\/2020[\/vc_column_text][divider line_type=&#8221;No Line&#8221; custom_height=&#8221;20&#8243;][vc_column_text]Desigur, nu este nimic nou c\u0103 Haldu Groep recruteaz\u0103 personal \u00een afara grani\u021belor \u021b\u0103rii. Pe l\u00e2ng\u0103 furnizarea de me\u0219teri olandezi, Haldu Groep a devenit acum un specialist \u00een muncitori str\u0103ini califica\u021bi.<\/p>\n<p>Claudia van Bergen, noul manager de recrutare al Haldu Groep, recunoa\u0219te lipsurile de pe pia\u021ba muncii olandeze. \u201eAceste lipsuri ne oblig\u0103 s\u0103 recrutam \u00een multe alte \u021b\u0103ri \u0219i s\u0103 folosim pe scar\u0103 larg\u0103 muncitorii str\u0103ini. Pentru a fi mereu \u00een slujba me\u0219terilor no\u0219tri str\u0103ini, avem acum \u0219i o echip\u0103 interna\u021bional\u0103 dr\u0103gu\u021b\u0103 \u00een cadrul lui Haldu Groep.\u201d<\/p>\n<p>De exemplu, Haldu Groep are un manager de cont polonez \u0219i 2 antrenori de lucru polonezi, iar un recrutor polonez va \u00eencepe la \u00eenceputul lunii ianuarie. Claudia: \u201eAvem \u0219i un recrutor rom\u00e2n, un antrenor de lucru rom\u00e2n \u0219i un antrenor de lucru maghiar \u00een r\u00e2ndurile noastre. \u00cen func\u021bie de modul \u00een care pia\u021ba se va dezvolta \u00een anul urm\u0103tor, vom analiza \u0219i posibilit\u0103\u021bile pie\u021bei bulgare.\u201d<\/p>\n<h2>Colaborare cu marketing online<\/h2>\n<p>Claudia \u00ee\u0219i d\u0103 seama c\u0103 un departament de recrutare modern nu se mai poate descurca f\u0103r\u0103 o echip\u0103 solid\u0103 de marketing online. \u201eAm discutat at\u00e2t de bine \u00een zilele noastre cu Johan \u0219i Lars. Deoarece cei doi lucreaz\u0103 \u00eempreun\u0103, s-au f\u0103cut destul de mul\u021bi pa\u0219i. Site-ul a primit at\u00e2t upgrade-uri vizuale, c\u00e2t \u0219i func\u021bionale. \u00cen plus, sunt gestionate campaniile \u0219i promo\u021biile pe re\u021belele de socializare \u0219i pe forumurile de ocupare a for\u021bei de munc\u0103. Pe re\u021belele sociale \u00eencerc\u0103m s\u0103 ne str\u0103duim s\u0103 ne solidariz\u0103m cu grupul nostru \u021bint\u0103, pentru a-i face parte din cultura Haldu Groep. \u00cen cele din urm\u0103, acest lucru duce, de asemenea, la un proces de recrutare calitativ mai bun, deoarece ne putem gestiona calitatea pe care o dorim \u00een loc s\u0103 ni se ofere.\u201d<\/p>\n<h2>Mediatorii r\u0103m\u00e2n importan\u021bi<\/h2>\n<p>\u00cen ciuda faptului c\u0103 departamentul nostru de marketing face mult\u0103 munc\u0103 pentru recrutorii Haldu Groep, Claudia este prima care spune c\u0103 intermediarii r\u0103m\u00e2n importan\u021bi. \u201eNu pierdem din vedere mediatorii, ei r\u0103m\u00e2n importan\u021bi. Ele pot ad\u0103uga volum pentru noi, astfel \u00eenc\u00e2t Haldu Groep s\u0103 poat\u0103 continua s\u0103 creasc\u0103. \u0218i asta nu este posibil f\u0103r\u0103 intermediari \u201d, subliniaz\u0103 Claudia. \u201eSunt \u00eentr-adev\u0103r o extensie str\u0103in\u0103 a recrut\u0103rii noastre. Ei pot intra \u00een contactele lor locale.\u201d<\/p>\n<p>Claudia indic\u0103 faptul c\u0103 Haldu Groep se concentreaz\u0103 \u0219i mai mult pe localnici, chiar dac\u0103 ace\u0219tia nu au istorie de angajare \u00een Olanda. \u201eNu ne deranjeaz\u0103 s\u0103 facem investi\u021bii. Lucruri precum efectuarea unei \u00eent\u00e2lniri BSN, \u00eendrumarea angaja\u021bilor \u00een timpul unei astfel de \u00eent\u00e2lniri, dar \u0219i \u00eenregistrarea la cursurile GPI \u0219i VCA; aranj\u0103m totul pentru angaja\u021bi. Nu spunem doar c\u0103 suntem acolo pentru personal, ci ne asigur\u0103m \u0219i c\u0103 ne \u021binem de cuv\u00e2nt!\u201d<\/p>\n<h2>Carerix<\/h2>\n<p>O re\u021bea extins\u0103 de recrutare are o mare importan\u021b\u0103 pentru o organiza\u021bie precum Haldu Groep. Viteza de lucru este de asemenea important\u0103. \u201eLa \u00eenceputul anului 2020, Haldu Groep a \u00eenceput s\u0103 lucreze cu Carerix, un pas serios \u00eenainte. Dup\u0103 o perioad\u0103 de \u00eencercare, am ajuns acum la momentul \u00een care trebuie s\u0103 ne sporim nu numai productivitatea, ci \u0219i calitatea. Cu ajutorul Carerix, ecranizarea nu este doar mai rapid\u0103, ci \u0219i mult mai bun\u0103 \u00een calitate!\u201d<\/p>\n<h2>Activit\u0103\u021bi<\/h2>\n<p>Datorit\u0103 experien\u021bei sale de mul\u021bi ani \u00een lumea recrut\u0103rii, Claudia \u0219tie foarte bine cum \u0219i c\u00e2nd ar trebui s\u0103 fie prezent\u0103 o organiza\u021bie \u2013 indiferent dac\u0103 practic sau nu. \u201eDepartamentul nostru de marketing a completat deja \u00een mare m\u0103sur\u0103 calendarul de activitate pentru 2021. \u0218i \u00eempreun\u0103 cu managerii de cont organiz\u0103m tot felul de ac\u021biuni diferite pentru pia\u021ba muncii (locale). Anul trecut, de exemplu, am avut un camion alimentar care a venit de mai multe ori pe diverse \u0219antiere. Acest lucru este foarte apreciat.\u201d<\/p>\n<p>Ultimul eveniment organizat de Haldu Groep este o pia\u021b\u0103 online a locurilor de munc\u0103. \u201eAm f\u0103cut asta pentru prima dat\u0103. Am acordat o aten\u021bie suplimentar\u0103 locurilor noastre de munc\u0103 vacante \u0219i putem fi contacta\u021bi prin diferite canale online pe tot parcursul s\u0103pt\u0103m\u00e2nii. Pentru prima dat\u0103, \u00eentr-adev\u0103r nu am avut de ce s\u0103 ne pl\u00e2ngem de aten\u021bie. Cu siguran\u021b\u0103 merit\u0103 repetat dup\u0103 p\u0103rerea mea \u201d, conchide Claudia.[\/vc_column_text][divider line_type=&#8221;No Line&#8221; custom_height=&#8221;35&#8243;][\/vc_column][\/vc_row]\n","protected":false},"excerpt":{"rendered":"<p>[vc_row type=&#8221;in_container&#8221; full_screen_row_position=&#8221;middle&#8221; column_margin=&#8221;default&#8221; column_direction=&#8221;default&#8221; column_direction_tablet=&#8221;default&#8221; column_direction_phone=&#8221;default&#8221; scene_position=&#8221;center&#8221; text_color=&#8221;dark&#8221; text_align=&#8221;left&#8221; row_border_radius=&#8221;none&#8221; row_border_radius_applies=&#8221;bg&#8221; overflow=&#8221;visible&#8221; overlay_strength=&#8221;0.3&#8243; gradient_direction=&#8221;left_to_right&#8221; shape_divider_position=&#8221;bottom&#8221; bg_image_animation=&#8221;none&#8221;][vc_column column_padding=&#8221;no-extra-padding&#8221; column_padding_tablet=&#8221;inherit&#8221; column_padding_phone=&#8221;inherit&#8221;&#8230;<\/p>\n","protected":false},"author":10,"featured_media":19055,"comment_status":"closed","ping_status":"closed","sticky":false,"template":"","format":"standard","meta":{"_acf_changed":false,"footnotes":""},"categories":[285],"tags":[],"class_list":{"0":"post-19263","1":"post","2":"type-post","3":"status-publish","4":"format-standard","5":"has-post-thumbnail","7":"category-uncategorized-ro"},"acf":[],"yoast_head":"<!-- This site is optimized with the Yoast SEO plugin v27.3 - https:\/\/yoast.com\/product\/yoast-seo-wordpress\/ -->\n<title>Recrutare la Haldu Groep: o gur\u0103 de aer proasp\u0103t | Haldu Groep<\/title>\n<meta name=\"description\" content=\"Lees hier alles over: Recrutare la Haldu Groep: o gur\u0103 de aer proasp\u0103t . Werken in de bouw of techniek? Bekijk onze vacatures.\" \/>\n<meta name=\"robots\" content=\"index, follow, max-snippet:-1, max-image-preview:large, max-video-preview:-1\" \/>\n<link rel=\"canonical\" href=\"https:\/\/www.haldugroep.nl\/ro\/recrutare-la-haldu-groep-o-gura-de-aer-proaspat\/\" \/>\n<meta name=\"twitter:card\" content=\"summary_large_image\" \/>\n<meta name=\"twitter:title\" content=\"Recrutare la Haldu Groep: o gur\u0103 de aer proasp\u0103t | Haldu Groep\" \/>\n<meta name=\"twitter:description\" content=\"Lees hier alles over: Recrutare la Haldu Groep: o gur\u0103 de aer proasp\u0103t . Werken in de bouw of techniek? Bekijk onze vacatures.\" \/>\n<meta name=\"twitter:image\" content=\"https:\/\/www.haldugroep.nl\/wp-content\/uploads\/top-8-werken-via-uitzendbureau.jpg\" \/>\n<meta name=\"twitter:label1\" content=\"Scris de\" \/>\n\t<meta name=\"twitter:data1\" content=\"Johan Rubrech\" \/>\n\t<meta name=\"twitter:label2\" content=\"Timp estimat pentru citire\" \/>\n\t<meta name=\"twitter:data2\" content=\"4 minute\" \/>\n<script type=\"application\/ld+json\" class=\"yoast-schema-graph\">{\"@context\":\"https:\\\/\\\/schema.org\",\"@graph\":[{\"@type\":\"Article\",\"@id\":\"https:\\\/\\\/www.haldugroep.nl\\\/ro\\\/recrutare-la-haldu-groep-o-gura-de-aer-proaspat\\\/#article\",\"isPartOf\":{\"@id\":\"https:\\\/\\\/www.haldugroep.nl\\\/ro\\\/recrutare-la-haldu-groep-o-gura-de-aer-proaspat\\\/\"},\"author\":{\"name\":\"Johan Rubrech\",\"@id\":\"https:\\\/\\\/www.haldugroep.nl\\\/ro\\\/#\\\/schema\\\/person\\\/553b2b980350c724ed899ec2590d1aac\"},\"headline\":\"Recrutare la Haldu Groep: o gur\u0103 de aer proasp\u0103t\",\"datePublished\":\"2020-12-09T14:24:59+00:00\",\"dateModified\":\"2022-05-06T07:42:52+00:00\",\"mainEntityOfPage\":{\"@id\":\"https:\\\/\\\/www.haldugroep.nl\\\/ro\\\/recrutare-la-haldu-groep-o-gura-de-aer-proaspat\\\/\"},\"wordCount\":953,\"publisher\":{\"@id\":\"https:\\\/\\\/www.haldugroep.nl\\\/ro\\\/#organization\"},\"image\":{\"@id\":\"https:\\\/\\\/www.haldugroep.nl\\\/ro\\\/recrutare-la-haldu-groep-o-gura-de-aer-proaspat\\\/#primaryimage\"},\"thumbnailUrl\":\"https:\\\/\\\/www.haldugroep.nl\\\/wp-content\\\/uploads\\\/top-8-werken-via-uitzendbureau.jpg\",\"articleSection\":[\"Uncategorized @ro\"],\"inLanguage\":\"ro-RO\"},{\"@type\":\"WebPage\",\"@id\":\"https:\\\/\\\/www.haldugroep.nl\\\/ro\\\/recrutare-la-haldu-groep-o-gura-de-aer-proaspat\\\/\",\"url\":\"https:\\\/\\\/www.haldugroep.nl\\\/ro\\\/recrutare-la-haldu-groep-o-gura-de-aer-proaspat\\\/\",\"name\":\"Recrutare la Haldu Groep: o gur\u0103 de aer proasp\u0103t | Haldu Groep\",\"isPartOf\":{\"@id\":\"https:\\\/\\\/www.haldugroep.nl\\\/ro\\\/#website\"},\"primaryImageOfPage\":{\"@id\":\"https:\\\/\\\/www.haldugroep.nl\\\/ro\\\/recrutare-la-haldu-groep-o-gura-de-aer-proaspat\\\/#primaryimage\"},\"image\":{\"@id\":\"https:\\\/\\\/www.haldugroep.nl\\\/ro\\\/recrutare-la-haldu-groep-o-gura-de-aer-proaspat\\\/#primaryimage\"},\"thumbnailUrl\":\"https:\\\/\\\/www.haldugroep.nl\\\/wp-content\\\/uploads\\\/top-8-werken-via-uitzendbureau.jpg\",\"datePublished\":\"2020-12-09T14:24:59+00:00\",\"dateModified\":\"2022-05-06T07:42:52+00:00\",\"description\":\"Lees hier alles over: Recrutare la Haldu Groep: o gur\u0103 de aer proasp\u0103t . Werken in de bouw of techniek? Bekijk onze vacatures.\",\"breadcrumb\":{\"@id\":\"https:\\\/\\\/www.haldugroep.nl\\\/ro\\\/recrutare-la-haldu-groep-o-gura-de-aer-proaspat\\\/#breadcrumb\"},\"inLanguage\":\"ro-RO\",\"potentialAction\":[{\"@type\":\"ReadAction\",\"target\":[\"https:\\\/\\\/www.haldugroep.nl\\\/ro\\\/recrutare-la-haldu-groep-o-gura-de-aer-proaspat\\\/\"]}]},{\"@type\":\"ImageObject\",\"inLanguage\":\"ro-RO\",\"@id\":\"https:\\\/\\\/www.haldugroep.nl\\\/ro\\\/recrutare-la-haldu-groep-o-gura-de-aer-proaspat\\\/#primaryimage\",\"url\":\"https:\\\/\\\/www.haldugroep.nl\\\/wp-content\\\/uploads\\\/top-8-werken-via-uitzendbureau.jpg\",\"contentUrl\":\"https:\\\/\\\/www.haldugroep.nl\\\/wp-content\\\/uploads\\\/top-8-werken-via-uitzendbureau.jpg\",\"width\":947,\"height\":289},{\"@type\":\"BreadcrumbList\",\"@id\":\"https:\\\/\\\/www.haldugroep.nl\\\/ro\\\/recrutare-la-haldu-groep-o-gura-de-aer-proaspat\\\/#breadcrumb\",\"itemListElement\":[{\"@type\":\"ListItem\",\"position\":1,\"name\":\"Home\",\"item\":\"https:\\\/\\\/www.haldugroep.nl\\\/ro\\\/\"},{\"@type\":\"ListItem\",\"position\":2,\"name\":\"Recrutare la Haldu Groep: o gur\u0103 de aer proasp\u0103t\"}]},{\"@type\":\"WebSite\",\"@id\":\"https:\\\/\\\/www.haldugroep.nl\\\/ro\\\/#website\",\"url\":\"https:\\\/\\\/www.haldugroep.nl\\\/ro\\\/\",\"name\":\"Haldu Groep\",\"description\":\"\",\"publisher\":{\"@id\":\"https:\\\/\\\/www.haldugroep.nl\\\/ro\\\/#organization\"},\"potentialAction\":[{\"@type\":\"SearchAction\",\"target\":{\"@type\":\"EntryPoint\",\"urlTemplate\":\"https:\\\/\\\/www.haldugroep.nl\\\/ro\\\/?s={search_term_string}\"},\"query-input\":{\"@type\":\"PropertyValueSpecification\",\"valueRequired\":true,\"valueName\":\"search_term_string\"}}],\"inLanguage\":\"ro-RO\"},{\"@type\":\"Organization\",\"@id\":\"https:\\\/\\\/www.haldugroep.nl\\\/ro\\\/#organization\",\"name\":\"Haldu Groep\",\"url\":\"https:\\\/\\\/www.haldugroep.nl\\\/ro\\\/\",\"logo\":{\"@type\":\"ImageObject\",\"inLanguage\":\"ro-RO\",\"@id\":\"https:\\\/\\\/www.haldugroep.nl\\\/ro\\\/#\\\/schema\\\/logo\\\/image\\\/\",\"url\":\"https:\\\/\\\/www.haldugroep.nl\\\/wp-content\\\/uploads\\\/logo-haldu-groep-1.png\",\"contentUrl\":\"https:\\\/\\\/www.haldugroep.nl\\\/wp-content\\\/uploads\\\/logo-haldu-groep-1.png\",\"width\":900,\"height\":281,\"caption\":\"Haldu Groep\"},\"image\":{\"@id\":\"https:\\\/\\\/www.haldugroep.nl\\\/ro\\\/#\\\/schema\\\/logo\\\/image\\\/\"}},{\"@type\":\"Person\",\"@id\":\"https:\\\/\\\/www.haldugroep.nl\\\/ro\\\/#\\\/schema\\\/person\\\/553b2b980350c724ed899ec2590d1aac\",\"name\":\"Johan Rubrech\",\"image\":{\"@type\":\"ImageObject\",\"inLanguage\":\"ro-RO\",\"@id\":\"https:\\\/\\\/secure.gravatar.com\\\/avatar\\\/7c18c46c7c9599297d89b8e3dabf3a038caf7190d69fbebaf831e65de18902a4?s=96&d=mm&r=g\",\"url\":\"https:\\\/\\\/secure.gravatar.com\\\/avatar\\\/7c18c46c7c9599297d89b8e3dabf3a038caf7190d69fbebaf831e65de18902a4?s=96&d=mm&r=g\",\"contentUrl\":\"https:\\\/\\\/secure.gravatar.com\\\/avatar\\\/7c18c46c7c9599297d89b8e3dabf3a038caf7190d69fbebaf831e65de18902a4?s=96&d=mm&r=g\",\"caption\":\"Johan Rubrech\"},\"url\":\"https:\\\/\\\/www.haldugroep.nl\\\/ro\\\/author\\\/johan-rubrech\\\/\"}]}<\/script>\n<!-- \/ Yoast SEO plugin. -->","yoast_head_json":{"title":"Recrutare la Haldu Groep: o gur\u0103 de aer proasp\u0103t | Haldu Groep","description":"Lees hier alles over: Recrutare la Haldu Groep: o gur\u0103 de aer proasp\u0103t . Werken in de bouw of techniek? Bekijk onze vacatures.","robots":{"index":"index","follow":"follow","max-snippet":"max-snippet:-1","max-image-preview":"max-image-preview:large","max-video-preview":"max-video-preview:-1"},"canonical":"https:\/\/www.haldugroep.nl\/ro\/recrutare-la-haldu-groep-o-gura-de-aer-proaspat\/","twitter_card":"summary_large_image","twitter_title":"Recrutare la Haldu Groep: o gur\u0103 de aer proasp\u0103t | Haldu Groep","twitter_description":"Lees hier alles over: Recrutare la Haldu Groep: o gur\u0103 de aer proasp\u0103t . Werken in de bouw of techniek? Bekijk onze vacatures.","twitter_image":"https:\/\/www.haldugroep.nl\/wp-content\/uploads\/top-8-werken-via-uitzendbureau.jpg","twitter_misc":{"Scris de":"Johan Rubrech","Timp estimat pentru citire":"4 minute"},"schema":{"@context":"https:\/\/schema.org","@graph":[{"@type":"Article","@id":"https:\/\/www.haldugroep.nl\/ro\/recrutare-la-haldu-groep-o-gura-de-aer-proaspat\/#article","isPartOf":{"@id":"https:\/\/www.haldugroep.nl\/ro\/recrutare-la-haldu-groep-o-gura-de-aer-proaspat\/"},"author":{"name":"Johan Rubrech","@id":"https:\/\/www.haldugroep.nl\/ro\/#\/schema\/person\/553b2b980350c724ed899ec2590d1aac"},"headline":"Recrutare la Haldu Groep: o gur\u0103 de aer proasp\u0103t","datePublished":"2020-12-09T14:24:59+00:00","dateModified":"2022-05-06T07:42:52+00:00","mainEntityOfPage":{"@id":"https:\/\/www.haldugroep.nl\/ro\/recrutare-la-haldu-groep-o-gura-de-aer-proaspat\/"},"wordCount":953,"publisher":{"@id":"https:\/\/www.haldugroep.nl\/ro\/#organization"},"image":{"@id":"https:\/\/www.haldugroep.nl\/ro\/recrutare-la-haldu-groep-o-gura-de-aer-proaspat\/#primaryimage"},"thumbnailUrl":"https:\/\/www.haldugroep.nl\/wp-content\/uploads\/top-8-werken-via-uitzendbureau.jpg","articleSection":["Uncategorized @ro"],"inLanguage":"ro-RO"},{"@type":"WebPage","@id":"https:\/\/www.haldugroep.nl\/ro\/recrutare-la-haldu-groep-o-gura-de-aer-proaspat\/","url":"https:\/\/www.haldugroep.nl\/ro\/recrutare-la-haldu-groep-o-gura-de-aer-proaspat\/","name":"Recrutare la Haldu Groep: o gur\u0103 de aer proasp\u0103t | Haldu Groep","isPartOf":{"@id":"https:\/\/www.haldugroep.nl\/ro\/#website"},"primaryImageOfPage":{"@id":"https:\/\/www.haldugroep.nl\/ro\/recrutare-la-haldu-groep-o-gura-de-aer-proaspat\/#primaryimage"},"image":{"@id":"https:\/\/www.haldugroep.nl\/ro\/recrutare-la-haldu-groep-o-gura-de-aer-proaspat\/#primaryimage"},"thumbnailUrl":"https:\/\/www.haldugroep.nl\/wp-content\/uploads\/top-8-werken-via-uitzendbureau.jpg","datePublished":"2020-12-09T14:24:59+00:00","dateModified":"2022-05-06T07:42:52+00:00","description":"Lees hier alles over: Recrutare la Haldu Groep: o gur\u0103 de aer proasp\u0103t . Werken in de bouw of techniek? Bekijk onze vacatures.","breadcrumb":{"@id":"https:\/\/www.haldugroep.nl\/ro\/recrutare-la-haldu-groep-o-gura-de-aer-proaspat\/#breadcrumb"},"inLanguage":"ro-RO","potentialAction":[{"@type":"ReadAction","target":["https:\/\/www.haldugroep.nl\/ro\/recrutare-la-haldu-groep-o-gura-de-aer-proaspat\/"]}]},{"@type":"ImageObject","inLanguage":"ro-RO","@id":"https:\/\/www.haldugroep.nl\/ro\/recrutare-la-haldu-groep-o-gura-de-aer-proaspat\/#primaryimage","url":"https:\/\/www.haldugroep.nl\/wp-content\/uploads\/top-8-werken-via-uitzendbureau.jpg","contentUrl":"https:\/\/www.haldugroep.nl\/wp-content\/uploads\/top-8-werken-via-uitzendbureau.jpg","width":947,"height":289},{"@type":"BreadcrumbList","@id":"https:\/\/www.haldugroep.nl\/ro\/recrutare-la-haldu-groep-o-gura-de-aer-proaspat\/#breadcrumb","itemListElement":[{"@type":"ListItem","position":1,"name":"Home","item":"https:\/\/www.haldugroep.nl\/ro\/"},{"@type":"ListItem","position":2,"name":"Recrutare la Haldu Groep: o gur\u0103 de aer proasp\u0103t"}]},{"@type":"WebSite","@id":"https:\/\/www.haldugroep.nl\/ro\/#website","url":"https:\/\/www.haldugroep.nl\/ro\/","name":"Haldu Groep","description":"","publisher":{"@id":"https:\/\/www.haldugroep.nl\/ro\/#organization"},"potentialAction":[{"@type":"SearchAction","target":{"@type":"EntryPoint","urlTemplate":"https:\/\/www.haldugroep.nl\/ro\/?s={search_term_string}"},"query-input":{"@type":"PropertyValueSpecification","valueRequired":true,"valueName":"search_term_string"}}],"inLanguage":"ro-RO"},{"@type":"Organization","@id":"https:\/\/www.haldugroep.nl\/ro\/#organization","name":"Haldu Groep","url":"https:\/\/www.haldugroep.nl\/ro\/","logo":{"@type":"ImageObject","inLanguage":"ro-RO","@id":"https:\/\/www.haldugroep.nl\/ro\/#\/schema\/logo\/image\/","url":"https:\/\/www.haldugroep.nl\/wp-content\/uploads\/logo-haldu-groep-1.png","contentUrl":"https:\/\/www.haldugroep.nl\/wp-content\/uploads\/logo-haldu-groep-1.png","width":900,"height":281,"caption":"Haldu Groep"},"image":{"@id":"https:\/\/www.haldugroep.nl\/ro\/#\/schema\/logo\/image\/"}},{"@type":"Person","@id":"https:\/\/www.haldugroep.nl\/ro\/#\/schema\/person\/553b2b980350c724ed899ec2590d1aac","name":"Johan Rubrech","image":{"@type":"ImageObject","inLanguage":"ro-RO","@id":"https:\/\/secure.gravatar.com\/avatar\/7c18c46c7c9599297d89b8e3dabf3a038caf7190d69fbebaf831e65de18902a4?s=96&d=mm&r=g","url":"https:\/\/secure.gravatar.com\/avatar\/7c18c46c7c9599297d89b8e3dabf3a038caf7190d69fbebaf831e65de18902a4?s=96&d=mm&r=g","contentUrl":"https:\/\/secure.gravatar.com\/avatar\/7c18c46c7c9599297d89b8e3dabf3a038caf7190d69fbebaf831e65de18902a4?s=96&d=mm&r=g","caption":"Johan Rubrech"},"url":"https:\/\/www.haldugroep.nl\/ro\/author\/johan-rubrech\/"}]}},"_links":{"self":[{"href":"https:\/\/www.haldugroep.nl\/ro\/wp-json\/wp\/v2\/posts\/19263","targetHints":{"allow":["GET"]}}],"collection":[{"href":"https:\/\/www.haldugroep.nl\/ro\/wp-json\/wp\/v2\/posts"}],"about":[{"href":"https:\/\/www.haldugroep.nl\/ro\/wp-json\/wp\/v2\/types\/post"}],"author":[{"embeddable":true,"href":"https:\/\/www.haldugroep.nl\/ro\/wp-json\/wp\/v2\/users\/10"}],"replies":[{"embeddable":true,"href":"https:\/\/www.haldugroep.nl\/ro\/wp-json\/wp\/v2\/comments?post=19263"}],"version-history":[{"count":0,"href":"https:\/\/www.haldugroep.nl\/ro\/wp-json\/wp\/v2\/posts\/19263\/revisions"}],"wp:featuredmedia":[{"embeddable":true,"href":"https:\/\/www.haldugroep.nl\/ro\/wp-json\/wp\/v2\/media\/19055"}],"wp:attachment":[{"href":"https:\/\/www.haldugroep.nl\/ro\/wp-json\/wp\/v2\/media?parent=19263"}],"wp:term":[{"taxonomy":"category","embeddable":true,"href":"https:\/\/www.haldugroep.nl\/ro\/wp-json\/wp\/v2\/categories?post=19263"},{"taxonomy":"post_tag","embeddable":true,"href":"https:\/\/www.haldugroep.nl\/ro\/wp-json\/wp\/v2\/tags?post=19263"}],"curies":[{"name":"wp","href":"https:\/\/api.w.org\/{rel}","templated":true}]}}