{"id":19259,"date":"2022-03-30T16:48:28","date_gmt":"2022-03-30T14:48:28","guid":{"rendered":"https:\/\/www.haldugroep.nl\/?p=19259"},"modified":"2022-05-30T08:49:48","modified_gmt":"2022-05-30T06:49:48","slug":"ziua-constientizarii-sigurantei-la-haldu-groep","status":"publish","type":"post","link":"https:\/\/www.haldugroep.nl\/ro\/ziua-constientizarii-sigurantei-la-haldu-groep\/","title":{"rendered":"Ziua Constientizarii Sigurantei la Haldu Groep"},"content":{"rendered":"[vc_row type=&#8221;in_container&#8221; full_screen_row_position=&#8221;middle&#8221; column_margin=&#8221;default&#8221; column_direction=&#8221;default&#8221; column_direction_tablet=&#8221;default&#8221; column_direction_phone=&#8221;default&#8221; scene_position=&#8221;center&#8221; text_color=&#8221;dark&#8221; text_align=&#8221;left&#8221; row_border_radius=&#8221;none&#8221; row_border_radius_applies=&#8221;bg&#8221; overflow=&#8221;visible&#8221; overlay_strength=&#8221;0.3&#8243; gradient_direction=&#8221;left_to_right&#8221; shape_divider_position=&#8221;bottom&#8221; bg_image_animation=&#8221;none&#8221;][vc_column column_padding=&#8221;no-extra-padding&#8221; column_padding_tablet=&#8221;inherit&#8221; column_padding_phone=&#8221;inherit&#8221; column_padding_position=&#8221;all&#8221; column_element_spacing=&#8221;default&#8221; background_color_opacity=&#8221;1&#8243; background_hover_color_opacity=&#8221;1&#8243; column_shadow=&#8221;none&#8221; column_border_radius=&#8221;none&#8221; column_link_target=&#8221;_self&#8221; column_position=&#8221;default&#8221; gradient_direction=&#8221;left_to_right&#8221; overlay_strength=&#8221;0.3&#8243; width=&#8221;1\/1&#8243; tablet_width_inherit=&#8221;default&#8221; tablet_text_alignment=&#8221;default&#8221; phone_text_alignment=&#8221;default&#8221; animation_type=&#8221;default&#8221; bg_image_animation=&#8221;none&#8221; border_type=&#8221;simple&#8221; column_border_width=&#8221;none&#8221; column_border_style=&#8221;solid&#8221;][divider line_type=&#8221;No Line&#8221; custom_height=&#8221;35&#8243;][vc_custom_heading source=&#8221;post_title&#8221; font_container=&#8221;tag:h1|font_size:38|text_align:left|line_height:1.2&#8243; use_theme_fonts=&#8221;yes&#8221; css_animation=&#8221;none&#8221;][vc_column_text]<img loading=\"lazy\" decoding=\"async\" class=\"alignnone wp-image-18905 size-full\" src=\"https:\/\/www.haldugroep.nl\/wp-content\/uploads\/ik-werk-veilig-of-ik-werk-niet.jpeg\" alt=\"\" width=\"947\" height=\"289\" srcset=\"https:\/\/www.haldugroep.nl\/wp-content\/uploads\/ik-werk-veilig-of-ik-werk-niet.jpeg 947w, https:\/\/www.haldugroep.nl\/wp-content\/uploads\/ik-werk-veilig-of-ik-werk-niet-300x92.jpeg 300w, https:\/\/www.haldugroep.nl\/wp-content\/uploads\/ik-werk-veilig-of-ik-werk-niet-768x234.jpeg 768w\" sizes=\"auto, (max-width: 947px) 100vw, 947px\" \/>[\/vc_column_text][vc_column_text]30\/03\/2022[\/vc_column_text][divider line_type=&#8221;No Line&#8221; custom_height=&#8221;20&#8243;][vc_column_text]Ziua de 30 martie a fost dedicata\u00a0 \u201cZiua Constientizarii Sigurantei \u201c. Chiar dac\u0103 nu trece o zi f\u0103r\u0103 s\u0103 acord\u0103m aten\u021bie siguran\u021bei angaja\u021bilor no\u0219tri, in data de 30 martie ne-am g\u00e2ndim mai mult la acest aspect.<\/p>\n<p>Nu am facut acest lucru singuri, ci \u00eempreun\u0103 cu alte\u00a0 companii din domeniul construc\u021biilor, tehnologiei \u0219i al infrastructurii. Lucrul \u00een condi\u021bii de siguran\u021b\u0103 \u0219i s\u0103n\u0103tate este esen\u021bial si fiecare companie sarbatoreste diferit aceasta zi. Noi, Haldu Groep, nu ne-am lasat mai prejos \u0219i, prin urmare, am particip\u0103m cu entuziasm.<\/p>\n<p>De exemplu, to\u021bi angaja\u021bii Haldu au purtat \u00a0un tricou portocaliu cu ocazia \u2018 Zilei Constientizarii Sigurantei, cu textul \u201cLucrez \u00een SIGURAN\u021a\u0102 sau nu lucrez deloc\u201d. De asemenea, acordam o aten\u021bie deosebit\u0103 programului Safe Start: propriul nostru program de siguran\u021b\u0103 pe care \u00eel folosim pentru a creste nivelul de constientizare al \u00a0personalului cu privire la lucrul \u00een siguran\u021b\u0103 pe \u0219antier.<\/p>\n<p>\u0218i asta nu e tot! Pentru a imbunatati cuno\u0219tin\u021bele angaja\u021bilor no\u0219tri, am distribuit ziarul Bewust Veilig 2022 \u0219i un chestionar educativ privind siguran\u021ba la locul de munca.<\/p>\n<p>Cu ajutorul specialistului nostru intern in domeniul siguran\u021bei, Tom van Alfen, urm\u0103rim \u00eendeaproape noile tendinte din domeniul siguran\u021bei. Dar Tom nu urm\u0103re\u0219te doar tendintele, ci \u0219i analizeaza starea actual\u0103 a lucrurilor, in acest fel atingem un nivel de siguran\u021b\u0103 din ce \u00een ce mai ridicat \u00een cadrul haldu Groep iar \u00a0acest lucru duce automat la mai pu\u021bine accidente.[\/vc_column_text][divider line_type=&#8221;No Line&#8221; custom_height=&#8221;35&#8243;][\/vc_column][\/vc_row]\n","protected":false},"excerpt":{"rendered":"<p>Ziua de 30 martie a fost dedicata\u00a0 \u201cZiua Constientizarii Sigurantei \u201c. Chiar dac\u0103 nu trece o zi f\u0103r\u0103 s\u0103 acord\u0103m aten\u021bie siguran\u021bei angaja\u021bilor no\u0219tri, in data de 30 martie ne-am g\u00e2ndim mai mult la acest aspect.<\/p>\n","protected":false},"author":10,"featured_media":18905,"comment_status":"closed","ping_status":"closed","sticky":false,"template":"","format":"standard","meta":{"_acf_changed":false,"footnotes":""},"categories":[285],"tags":[],"class_list":{"0":"post-19259","1":"post","2":"type-post","3":"status-publish","4":"format-standard","5":"has-post-thumbnail","7":"category-uncategorized-ro"},"acf":[],"yoast_head":"<!-- This site is optimized with the Yoast SEO plugin v27.3 - https:\/\/yoast.com\/product\/yoast-seo-wordpress\/ -->\n<title>Ziua Constientizarii Sigurantei la Haldu Groep | Haldu Groep<\/title>\n<meta name=\"description\" content=\"Lees hier alles over: Ziua Constientizarii Sigurantei la Haldu Groep . Werken in de bouw of techniek? Bekijk onze vacatures.\" \/>\n<meta name=\"robots\" content=\"index, follow, max-snippet:-1, max-image-preview:large, max-video-preview:-1\" \/>\n<link rel=\"canonical\" href=\"https:\/\/www.haldugroep.nl\/ro\/ziua-constientizarii-sigurantei-la-haldu-groep\/\" \/>\n<meta name=\"twitter:card\" content=\"summary_large_image\" \/>\n<meta name=\"twitter:title\" content=\"Ziua Constientizarii Sigurantei la Haldu Groep | Haldu Groep\" \/>\n<meta name=\"twitter:description\" content=\"Lees hier alles over: Ziua Constientizarii Sigurantei la Haldu Groep . Werken in de bouw of techniek? Bekijk onze vacatures.\" \/>\n<meta name=\"twitter:image\" content=\"https:\/\/www.haldugroep.nl\/wp-content\/uploads\/ik-werk-veilig-of-ik-werk-niet.jpeg\" \/>\n<meta name=\"twitter:label1\" content=\"Scris de\" \/>\n\t<meta name=\"twitter:data1\" content=\"Johan Rubrech\" \/>\n\t<meta name=\"twitter:label2\" content=\"Timp estimat pentru citire\" \/>\n\t<meta name=\"twitter:data2\" content=\"2 minute\" \/>\n<script type=\"application\/ld+json\" class=\"yoast-schema-graph\">{\"@context\":\"https:\\\/\\\/schema.org\",\"@graph\":[{\"@type\":\"Article\",\"@id\":\"https:\\\/\\\/www.haldugroep.nl\\\/ro\\\/ziua-constientizarii-sigurantei-la-haldu-groep\\\/#article\",\"isPartOf\":{\"@id\":\"https:\\\/\\\/www.haldugroep.nl\\\/ro\\\/ziua-constientizarii-sigurantei-la-haldu-groep\\\/\"},\"author\":{\"name\":\"Johan Rubrech\",\"@id\":\"https:\\\/\\\/www.haldugroep.nl\\\/ro\\\/#\\\/schema\\\/person\\\/553b2b980350c724ed899ec2590d1aac\"},\"headline\":\"Ziua Constientizarii Sigurantei la Haldu Groep\",\"datePublished\":\"2022-03-30T14:48:28+00:00\",\"dateModified\":\"2022-05-30T06:49:48+00:00\",\"mainEntityOfPage\":{\"@id\":\"https:\\\/\\\/www.haldugroep.nl\\\/ro\\\/ziua-constientizarii-sigurantei-la-haldu-groep\\\/\"},\"wordCount\":465,\"publisher\":{\"@id\":\"https:\\\/\\\/www.haldugroep.nl\\\/ro\\\/#organization\"},\"image\":{\"@id\":\"https:\\\/\\\/www.haldugroep.nl\\\/ro\\\/ziua-constientizarii-sigurantei-la-haldu-groep\\\/#primaryimage\"},\"thumbnailUrl\":\"https:\\\/\\\/www.haldugroep.nl\\\/wp-content\\\/uploads\\\/ik-werk-veilig-of-ik-werk-niet.jpeg\",\"articleSection\":[\"Uncategorized @ro\"],\"inLanguage\":\"ro-RO\"},{\"@type\":\"WebPage\",\"@id\":\"https:\\\/\\\/www.haldugroep.nl\\\/ro\\\/ziua-constientizarii-sigurantei-la-haldu-groep\\\/\",\"url\":\"https:\\\/\\\/www.haldugroep.nl\\\/ro\\\/ziua-constientizarii-sigurantei-la-haldu-groep\\\/\",\"name\":\"Ziua Constientizarii Sigurantei la Haldu Groep | Haldu Groep\",\"isPartOf\":{\"@id\":\"https:\\\/\\\/www.haldugroep.nl\\\/ro\\\/#website\"},\"primaryImageOfPage\":{\"@id\":\"https:\\\/\\\/www.haldugroep.nl\\\/ro\\\/ziua-constientizarii-sigurantei-la-haldu-groep\\\/#primaryimage\"},\"image\":{\"@id\":\"https:\\\/\\\/www.haldugroep.nl\\\/ro\\\/ziua-constientizarii-sigurantei-la-haldu-groep\\\/#primaryimage\"},\"thumbnailUrl\":\"https:\\\/\\\/www.haldugroep.nl\\\/wp-content\\\/uploads\\\/ik-werk-veilig-of-ik-werk-niet.jpeg\",\"datePublished\":\"2022-03-30T14:48:28+00:00\",\"dateModified\":\"2022-05-30T06:49:48+00:00\",\"description\":\"Lees hier alles over: Ziua Constientizarii Sigurantei la Haldu Groep . Werken in de bouw of techniek? Bekijk onze vacatures.\",\"breadcrumb\":{\"@id\":\"https:\\\/\\\/www.haldugroep.nl\\\/ro\\\/ziua-constientizarii-sigurantei-la-haldu-groep\\\/#breadcrumb\"},\"inLanguage\":\"ro-RO\",\"potentialAction\":[{\"@type\":\"ReadAction\",\"target\":[\"https:\\\/\\\/www.haldugroep.nl\\\/ro\\\/ziua-constientizarii-sigurantei-la-haldu-groep\\\/\"]}]},{\"@type\":\"ImageObject\",\"inLanguage\":\"ro-RO\",\"@id\":\"https:\\\/\\\/www.haldugroep.nl\\\/ro\\\/ziua-constientizarii-sigurantei-la-haldu-groep\\\/#primaryimage\",\"url\":\"https:\\\/\\\/www.haldugroep.nl\\\/wp-content\\\/uploads\\\/ik-werk-veilig-of-ik-werk-niet.jpeg\",\"contentUrl\":\"https:\\\/\\\/www.haldugroep.nl\\\/wp-content\\\/uploads\\\/ik-werk-veilig-of-ik-werk-niet.jpeg\",\"width\":947,\"height\":289},{\"@type\":\"BreadcrumbList\",\"@id\":\"https:\\\/\\\/www.haldugroep.nl\\\/ro\\\/ziua-constientizarii-sigurantei-la-haldu-groep\\\/#breadcrumb\",\"itemListElement\":[{\"@type\":\"ListItem\",\"position\":1,\"name\":\"Home\",\"item\":\"https:\\\/\\\/www.haldugroep.nl\\\/ro\\\/\"},{\"@type\":\"ListItem\",\"position\":2,\"name\":\"Ziua Constientizarii Sigurantei la Haldu Groep\"}]},{\"@type\":\"WebSite\",\"@id\":\"https:\\\/\\\/www.haldugroep.nl\\\/ro\\\/#website\",\"url\":\"https:\\\/\\\/www.haldugroep.nl\\\/ro\\\/\",\"name\":\"Haldu Groep\",\"description\":\"\",\"publisher\":{\"@id\":\"https:\\\/\\\/www.haldugroep.nl\\\/ro\\\/#organization\"},\"potentialAction\":[{\"@type\":\"SearchAction\",\"target\":{\"@type\":\"EntryPoint\",\"urlTemplate\":\"https:\\\/\\\/www.haldugroep.nl\\\/ro\\\/?s={search_term_string}\"},\"query-input\":{\"@type\":\"PropertyValueSpecification\",\"valueRequired\":true,\"valueName\":\"search_term_string\"}}],\"inLanguage\":\"ro-RO\"},{\"@type\":\"Organization\",\"@id\":\"https:\\\/\\\/www.haldugroep.nl\\\/ro\\\/#organization\",\"name\":\"Haldu Groep\",\"url\":\"https:\\\/\\\/www.haldugroep.nl\\\/ro\\\/\",\"logo\":{\"@type\":\"ImageObject\",\"inLanguage\":\"ro-RO\",\"@id\":\"https:\\\/\\\/www.haldugroep.nl\\\/ro\\\/#\\\/schema\\\/logo\\\/image\\\/\",\"url\":\"https:\\\/\\\/www.haldugroep.nl\\\/wp-content\\\/uploads\\\/logo-haldu-groep-1.png\",\"contentUrl\":\"https:\\\/\\\/www.haldugroep.nl\\\/wp-content\\\/uploads\\\/logo-haldu-groep-1.png\",\"width\":900,\"height\":281,\"caption\":\"Haldu Groep\"},\"image\":{\"@id\":\"https:\\\/\\\/www.haldugroep.nl\\\/ro\\\/#\\\/schema\\\/logo\\\/image\\\/\"}},{\"@type\":\"Person\",\"@id\":\"https:\\\/\\\/www.haldugroep.nl\\\/ro\\\/#\\\/schema\\\/person\\\/553b2b980350c724ed899ec2590d1aac\",\"name\":\"Johan Rubrech\",\"image\":{\"@type\":\"ImageObject\",\"inLanguage\":\"ro-RO\",\"@id\":\"https:\\\/\\\/secure.gravatar.com\\\/avatar\\\/7c18c46c7c9599297d89b8e3dabf3a038caf7190d69fbebaf831e65de18902a4?s=96&d=mm&r=g\",\"url\":\"https:\\\/\\\/secure.gravatar.com\\\/avatar\\\/7c18c46c7c9599297d89b8e3dabf3a038caf7190d69fbebaf831e65de18902a4?s=96&d=mm&r=g\",\"contentUrl\":\"https:\\\/\\\/secure.gravatar.com\\\/avatar\\\/7c18c46c7c9599297d89b8e3dabf3a038caf7190d69fbebaf831e65de18902a4?s=96&d=mm&r=g\",\"caption\":\"Johan Rubrech\"},\"url\":\"https:\\\/\\\/www.haldugroep.nl\\\/ro\\\/author\\\/johan-rubrech\\\/\"}]}<\/script>\n<!-- \/ Yoast SEO plugin. -->","yoast_head_json":{"title":"Ziua Constientizarii Sigurantei la Haldu Groep | Haldu Groep","description":"Lees hier alles over: Ziua Constientizarii Sigurantei la Haldu Groep . Werken in de bouw of techniek? Bekijk onze vacatures.","robots":{"index":"index","follow":"follow","max-snippet":"max-snippet:-1","max-image-preview":"max-image-preview:large","max-video-preview":"max-video-preview:-1"},"canonical":"https:\/\/www.haldugroep.nl\/ro\/ziua-constientizarii-sigurantei-la-haldu-groep\/","twitter_card":"summary_large_image","twitter_title":"Ziua Constientizarii Sigurantei la Haldu Groep | Haldu Groep","twitter_description":"Lees hier alles over: Ziua Constientizarii Sigurantei la Haldu Groep . Werken in de bouw of techniek? Bekijk onze vacatures.","twitter_image":"https:\/\/www.haldugroep.nl\/wp-content\/uploads\/ik-werk-veilig-of-ik-werk-niet.jpeg","twitter_misc":{"Scris de":"Johan Rubrech","Timp estimat pentru citire":"2 minute"},"schema":{"@context":"https:\/\/schema.org","@graph":[{"@type":"Article","@id":"https:\/\/www.haldugroep.nl\/ro\/ziua-constientizarii-sigurantei-la-haldu-groep\/#article","isPartOf":{"@id":"https:\/\/www.haldugroep.nl\/ro\/ziua-constientizarii-sigurantei-la-haldu-groep\/"},"author":{"name":"Johan Rubrech","@id":"https:\/\/www.haldugroep.nl\/ro\/#\/schema\/person\/553b2b980350c724ed899ec2590d1aac"},"headline":"Ziua Constientizarii Sigurantei la Haldu Groep","datePublished":"2022-03-30T14:48:28+00:00","dateModified":"2022-05-30T06:49:48+00:00","mainEntityOfPage":{"@id":"https:\/\/www.haldugroep.nl\/ro\/ziua-constientizarii-sigurantei-la-haldu-groep\/"},"wordCount":465,"publisher":{"@id":"https:\/\/www.haldugroep.nl\/ro\/#organization"},"image":{"@id":"https:\/\/www.haldugroep.nl\/ro\/ziua-constientizarii-sigurantei-la-haldu-groep\/#primaryimage"},"thumbnailUrl":"https:\/\/www.haldugroep.nl\/wp-content\/uploads\/ik-werk-veilig-of-ik-werk-niet.jpeg","articleSection":["Uncategorized @ro"],"inLanguage":"ro-RO"},{"@type":"WebPage","@id":"https:\/\/www.haldugroep.nl\/ro\/ziua-constientizarii-sigurantei-la-haldu-groep\/","url":"https:\/\/www.haldugroep.nl\/ro\/ziua-constientizarii-sigurantei-la-haldu-groep\/","name":"Ziua Constientizarii Sigurantei la Haldu Groep | Haldu Groep","isPartOf":{"@id":"https:\/\/www.haldugroep.nl\/ro\/#website"},"primaryImageOfPage":{"@id":"https:\/\/www.haldugroep.nl\/ro\/ziua-constientizarii-sigurantei-la-haldu-groep\/#primaryimage"},"image":{"@id":"https:\/\/www.haldugroep.nl\/ro\/ziua-constientizarii-sigurantei-la-haldu-groep\/#primaryimage"},"thumbnailUrl":"https:\/\/www.haldugroep.nl\/wp-content\/uploads\/ik-werk-veilig-of-ik-werk-niet.jpeg","datePublished":"2022-03-30T14:48:28+00:00","dateModified":"2022-05-30T06:49:48+00:00","description":"Lees hier alles over: Ziua Constientizarii Sigurantei la Haldu Groep . Werken in de bouw of techniek? Bekijk onze vacatures.","breadcrumb":{"@id":"https:\/\/www.haldugroep.nl\/ro\/ziua-constientizarii-sigurantei-la-haldu-groep\/#breadcrumb"},"inLanguage":"ro-RO","potentialAction":[{"@type":"ReadAction","target":["https:\/\/www.haldugroep.nl\/ro\/ziua-constientizarii-sigurantei-la-haldu-groep\/"]}]},{"@type":"ImageObject","inLanguage":"ro-RO","@id":"https:\/\/www.haldugroep.nl\/ro\/ziua-constientizarii-sigurantei-la-haldu-groep\/#primaryimage","url":"https:\/\/www.haldugroep.nl\/wp-content\/uploads\/ik-werk-veilig-of-ik-werk-niet.jpeg","contentUrl":"https:\/\/www.haldugroep.nl\/wp-content\/uploads\/ik-werk-veilig-of-ik-werk-niet.jpeg","width":947,"height":289},{"@type":"BreadcrumbList","@id":"https:\/\/www.haldugroep.nl\/ro\/ziua-constientizarii-sigurantei-la-haldu-groep\/#breadcrumb","itemListElement":[{"@type":"ListItem","position":1,"name":"Home","item":"https:\/\/www.haldugroep.nl\/ro\/"},{"@type":"ListItem","position":2,"name":"Ziua Constientizarii Sigurantei la Haldu Groep"}]},{"@type":"WebSite","@id":"https:\/\/www.haldugroep.nl\/ro\/#website","url":"https:\/\/www.haldugroep.nl\/ro\/","name":"Haldu Groep","description":"","publisher":{"@id":"https:\/\/www.haldugroep.nl\/ro\/#organization"},"potentialAction":[{"@type":"SearchAction","target":{"@type":"EntryPoint","urlTemplate":"https:\/\/www.haldugroep.nl\/ro\/?s={search_term_string}"},"query-input":{"@type":"PropertyValueSpecification","valueRequired":true,"valueName":"search_term_string"}}],"inLanguage":"ro-RO"},{"@type":"Organization","@id":"https:\/\/www.haldugroep.nl\/ro\/#organization","name":"Haldu Groep","url":"https:\/\/www.haldugroep.nl\/ro\/","logo":{"@type":"ImageObject","inLanguage":"ro-RO","@id":"https:\/\/www.haldugroep.nl\/ro\/#\/schema\/logo\/image\/","url":"https:\/\/www.haldugroep.nl\/wp-content\/uploads\/logo-haldu-groep-1.png","contentUrl":"https:\/\/www.haldugroep.nl\/wp-content\/uploads\/logo-haldu-groep-1.png","width":900,"height":281,"caption":"Haldu Groep"},"image":{"@id":"https:\/\/www.haldugroep.nl\/ro\/#\/schema\/logo\/image\/"}},{"@type":"Person","@id":"https:\/\/www.haldugroep.nl\/ro\/#\/schema\/person\/553b2b980350c724ed899ec2590d1aac","name":"Johan Rubrech","image":{"@type":"ImageObject","inLanguage":"ro-RO","@id":"https:\/\/secure.gravatar.com\/avatar\/7c18c46c7c9599297d89b8e3dabf3a038caf7190d69fbebaf831e65de18902a4?s=96&d=mm&r=g","url":"https:\/\/secure.gravatar.com\/avatar\/7c18c46c7c9599297d89b8e3dabf3a038caf7190d69fbebaf831e65de18902a4?s=96&d=mm&r=g","contentUrl":"https:\/\/secure.gravatar.com\/avatar\/7c18c46c7c9599297d89b8e3dabf3a038caf7190d69fbebaf831e65de18902a4?s=96&d=mm&r=g","caption":"Johan Rubrech"},"url":"https:\/\/www.haldugroep.nl\/ro\/author\/johan-rubrech\/"}]}},"_links":{"self":[{"href":"https:\/\/www.haldugroep.nl\/ro\/wp-json\/wp\/v2\/posts\/19259","targetHints":{"allow":["GET"]}}],"collection":[{"href":"https:\/\/www.haldugroep.nl\/ro\/wp-json\/wp\/v2\/posts"}],"about":[{"href":"https:\/\/www.haldugroep.nl\/ro\/wp-json\/wp\/v2\/types\/post"}],"author":[{"embeddable":true,"href":"https:\/\/www.haldugroep.nl\/ro\/wp-json\/wp\/v2\/users\/10"}],"replies":[{"embeddable":true,"href":"https:\/\/www.haldugroep.nl\/ro\/wp-json\/wp\/v2\/comments?post=19259"}],"version-history":[{"count":0,"href":"https:\/\/www.haldugroep.nl\/ro\/wp-json\/wp\/v2\/posts\/19259\/revisions"}],"wp:featuredmedia":[{"embeddable":true,"href":"https:\/\/www.haldugroep.nl\/ro\/wp-json\/wp\/v2\/media\/18905"}],"wp:attachment":[{"href":"https:\/\/www.haldugroep.nl\/ro\/wp-json\/wp\/v2\/media?parent=19259"}],"wp:term":[{"taxonomy":"category","embeddable":true,"href":"https:\/\/www.haldugroep.nl\/ro\/wp-json\/wp\/v2\/categories?post=19259"},{"taxonomy":"post_tag","embeddable":true,"href":"https:\/\/www.haldugroep.nl\/ro\/wp-json\/wp\/v2\/tags?post=19259"}],"curies":[{"name":"wp","href":"https:\/\/api.w.org\/{rel}","templated":true}]}}